{"id":12215,"date":"2023-01-30T09:42:03","date_gmt":"2023-01-30T15:42:03","guid":{"rendered":"https:\/\/elrotativo.mx\/portal\/?p=12215"},"modified":"2023-01-30T09:42:07","modified_gmt":"2023-01-30T15:42:07","slug":"pide-alcalde-aplicar-la-ley-por-dano-patrimonial","status":"publish","type":"post","link":"https:\/\/elrotativo.com.mx\/portal\/pide-alcalde-aplicar-la-ley-por-dano-patrimonial\/","title":{"rendered":"<strong>Pide alcalde aplicar la ley por da\u00f1o patrimonial\u00a0\u00a0<\/strong>"},"content":{"rendered":"\n<p class=\"wp-block-paragraph\">C\u00f3rdoba, Ver.- Debido a que el presunto da\u00f1o patrimonial detectado en el a\u00f1o 2021 supera los 107 millones de pesos, el alcalde de C\u00f3rdoba, Juan Mart\u00ednez hizo un llamado a las autoridades de la Fiscal\u00eda a que se aplique la ley.<\/p>\n\n\n\n<p class=\"wp-block-paragraph\">\u201cNosotros hacemos un llamado a las autoridades correspondientes encargadas de la impartici\u00f3n de justicia que est\u00e1 en sus manos y que cada quien responda de la mejor manera para que esta situaci\u00f3n se aclare\u201d.&nbsp;<\/p>\n\n\n\n<p class=\"wp-block-paragraph\">En entrevista dijo que lo que sigue ahora es presentar la denuncia penal ante la Fiscal\u00eda Especializada en Delitos Cometidos por Servidores P\u00fablicos en contra de la exalcaldesa, el ex s\u00edndico, as\u00ed como contra los ex titulares de Obras P\u00fablicas, Contralor\u00eda y Tesorer\u00eda.&nbsp;<\/p>\n\n\n\n<p class=\"wp-block-paragraph\">Ante esto el actual alcalde dijo que la ciudadan\u00eda clama que el uso de los recursos p\u00fablicos se transparente de la mejor manera. \u201cPor eso nosotros haremos ese llamado a las autoridades correspondientes para que se aplique la ley\u201d.&nbsp; Finalmente pidi\u00f3 a los cordobeses pidi\u00f3 tener confianza en las autoridades encargadas aplicar\u00e1n la ley conforme ellos lo consideren prudente, esto luego de que el Orfis confirm\u00f3 que Leticia L\u00f3pez Landero cometi\u00f3 presunto da\u00f1o patrimonial por un total de 107 millones 324 mil 751 pesos correspondiente a la Cuenta P\u00fablica 2021 al no poder solventar esa cantidad.&nbsp;<\/p>\n","protected":false},"excerpt":{"rendered":"<p>C\u00f3rdoba, Ver.- Debido a que el presunto da\u00f1o patrimonial detectado en el a\u00f1o 2021 supera los 107 millones de pesos, el alcalde de C\u00f3rdoba, Juan Mart\u00ednez hizo un llamado a las autoridades de la Fiscal\u00eda a que se aplique la ley. \u201cNosotros hacemos un llamado a las autoridades correspondientes encargadas de la impartici\u00f3n de justicia [&hellip;]<\/p>\n","protected":false},"author":1,"featured_media":12132,"comment_status":"open","ping_status":"open","sticky":false,"template":"","format":"standard","meta":{"tdm_status":"","tdm_grid_status":"","footnotes":""},"categories":[10],"tags":[],"class_list":["post-12215","post","type-post","status-publish","format-standard","has-post-thumbnail","category-local-regional"],"_links":{"self":[{"href":"https:\/\/elrotativo.com.mx\/portal\/wp-json\/wp\/v2\/posts\/12215","targetHints":{"allow":["GET"]}}],"collection":[{"href":"https:\/\/elrotativo.com.mx\/portal\/wp-json\/wp\/v2\/posts"}],"about":[{"href":"https:\/\/elrotativo.com.mx\/portal\/wp-json\/wp\/v2\/types\/post"}],"author":[{"embeddable":true,"href":"https:\/\/elrotativo.com.mx\/portal\/wp-json\/wp\/v2\/users\/1"}],"replies":[{"embeddable":true,"href":"https:\/\/elrotativo.com.mx\/portal\/wp-json\/wp\/v2\/comments?post=12215"}],"version-history":[{"count":1,"href":"https:\/\/elrotativo.com.mx\/portal\/wp-json\/wp\/v2\/posts\/12215\/revisions"}],"predecessor-version":[{"id":12216,"href":"https:\/\/elrotativo.com.mx\/portal\/wp-json\/wp\/v2\/posts\/12215\/revisions\/12216"}],"wp:featuredmedia":[{"embeddable":true,"href":"https:\/\/elrotativo.com.mx\/portal\/wp-json\/wp\/v2\/media\/12132"}],"wp:attachment":[{"href":"https:\/\/elrotativo.com.mx\/portal\/wp-json\/wp\/v2\/media?parent=12215"}],"wp:term":[{"taxonomy":"category","embeddable":true,"href":"https:\/\/elrotativo.com.mx\/portal\/wp-json\/wp\/v2\/categories?post=12215"},{"taxonomy":"post_tag","embeddable":true,"href":"https:\/\/elrotativo.com.mx\/portal\/wp-json\/wp\/v2\/tags?post=12215"}],"curies":[{"name":"wp","href":"https:\/\/api.w.org\/{rel}","templated":true}]}}