{"id":12198,"date":"2023-01-30T09:15:09","date_gmt":"2023-01-30T15:15:09","guid":{"rendered":"https:\/\/elrotativo.mx\/portal\/?p=12198"},"modified":"2023-01-30T09:15:11","modified_gmt":"2023-01-30T15:15:11","slug":"campamentos-de-seguridad-en-la-autopista-deben-ser-permanentes-amotac","status":"publish","type":"post","link":"https:\/\/elrotativo.com.mx\/portal\/campamentos-de-seguridad-en-la-autopista-deben-ser-permanentes-amotac\/","title":{"rendered":"<strong>Campamentos de seguridad en la autopista, deben ser permanentes: Amotac<\/strong>"},"content":{"rendered":"\n<p class=\"wp-block-paragraph\">Orizaba, Ver.- Debido a que la instalaci\u00f3n del campamento temporal que colocaron autoridades federales luego de las Cumbres de Maltrata durante la temporada vacacional pasada, ayud\u00f3 a disminuir los numerosos asaltos en esa zona, por lo que se deber\u00eda considerar colocarlos de manera permanente, asegur\u00f3 el delegado regional de la Alianza Mexicana de Organizaciones de Transportistas (Amotac) Aldo Israel Romero Lezama.<\/p>\n\n\n\n<p class=\"wp-block-paragraph\">Sobre este tema detall\u00f3 que el campamento temporal que pusieron en las cumbres de Maltrata antes de llegar a la comunidad de Cuyachapa, perteneciente al Estado de Puebla ha inhibido la inseguridad en esta zona lo que ha permitido que \u00abel tri\u00e1ngulo rojo\u00bb este tranquilo.<\/p>\n\n\n\n<p class=\"wp-block-paragraph\">\u00abser\u00eda genial que estuviera ah\u00ed de manera permanente y que colocar\u00e1n otro en el carril de bajada, as\u00ed como en muchos otros tramos carreteros que hacen falta porque si han dado buenos resultados\u00bb.<\/p>\n\n\n\n<p class=\"wp-block-paragraph\">Reconoci\u00f3 que Amotac estuvo insistiendo con los dos gobiernos estatales (Puebla-Veracruz) para crear una colaboraci\u00f3n con lo que se logr\u00f3 un convenio de colaboraci\u00f3n en que las patrullas estatales de Puebla, pueden recorrer hasta Balastrera y las de Veracruz, pueden llegar hasta el municipio de Esperanza. \u00abAhora ya es posible que si vienen correteando a alguien de Puebla con destino a Veracruz ya pueden bajar hasta ac\u00e1, y as\u00ed de manera viceversa\u00bb expres\u00f3.&nbsp;<\/p>\n","protected":false},"excerpt":{"rendered":"<p>Orizaba, Ver.- Debido a que la instalaci\u00f3n del campamento temporal que colocaron autoridades federales luego de las Cumbres de Maltrata durante la temporada vacacional pasada, ayud\u00f3 a disminuir los numerosos asaltos en esa zona, por lo que se deber\u00eda considerar colocarlos de manera permanente, asegur\u00f3 el delegado regional de la Alianza Mexicana de Organizaciones de [&hellip;]<\/p>\n","protected":false},"author":1,"featured_media":12113,"comment_status":"open","ping_status":"open","sticky":false,"template":"","format":"standard","meta":{"tdm_status":"","tdm_grid_status":"","footnotes":""},"categories":[10],"tags":[],"class_list":["post-12198","post","type-post","status-publish","format-standard","has-post-thumbnail","category-local-regional"],"_links":{"self":[{"href":"https:\/\/elrotativo.com.mx\/portal\/wp-json\/wp\/v2\/posts\/12198","targetHints":{"allow":["GET"]}}],"collection":[{"href":"https:\/\/elrotativo.com.mx\/portal\/wp-json\/wp\/v2\/posts"}],"about":[{"href":"https:\/\/elrotativo.com.mx\/portal\/wp-json\/wp\/v2\/types\/post"}],"author":[{"embeddable":true,"href":"https:\/\/elrotativo.com.mx\/portal\/wp-json\/wp\/v2\/users\/1"}],"replies":[{"embeddable":true,"href":"https:\/\/elrotativo.com.mx\/portal\/wp-json\/wp\/v2\/comments?post=12198"}],"version-history":[{"count":1,"href":"https:\/\/elrotativo.com.mx\/portal\/wp-json\/wp\/v2\/posts\/12198\/revisions"}],"predecessor-version":[{"id":12199,"href":"https:\/\/elrotativo.com.mx\/portal\/wp-json\/wp\/v2\/posts\/12198\/revisions\/12199"}],"wp:featuredmedia":[{"embeddable":true,"href":"https:\/\/elrotativo.com.mx\/portal\/wp-json\/wp\/v2\/media\/12113"}],"wp:attachment":[{"href":"https:\/\/elrotativo.com.mx\/portal\/wp-json\/wp\/v2\/media?parent=12198"}],"wp:term":[{"taxonomy":"category","embeddable":true,"href":"https:\/\/elrotativo.com.mx\/portal\/wp-json\/wp\/v2\/categories?post=12198"},{"taxonomy":"post_tag","embeddable":true,"href":"https:\/\/elrotativo.com.mx\/portal\/wp-json\/wp\/v2\/tags?post=12198"}],"curies":[{"name":"wp","href":"https:\/\/api.w.org\/{rel}","templated":true}]}}