{"id":12196,"date":"2023-01-30T09:13:24","date_gmt":"2023-01-30T15:13:24","guid":{"rendered":"https:\/\/elrotativo.mx\/portal\/?p=12196"},"modified":"2023-01-30T09:13:27","modified_gmt":"2023-01-30T15:13:27","slug":"mujeres-abandonadas-por-no-ser-poblacion-electorera","status":"publish","type":"post","link":"https:\/\/elrotativo.com.mx\/portal\/mujeres-abandonadas-por-no-ser-poblacion-electorera\/","title":{"rendered":"<strong>Mujeres abandonadas por no ser \u201cpoblaci\u00f3n electorera\u201d<\/strong>"},"content":{"rendered":"\n<p class=\"wp-block-paragraph\">Orizaba, Ver.- Al no ser un grupo de poblaci\u00f3n electorera y que de soporte a la promoci\u00f3n como lo son los adultos mayores y j\u00f3venes, el sector femenino se mantiene relegado por el Gobierno pues no se destinan recursos econ\u00f3micos para atender las problem\u00e1ticas que sufren, lament\u00f3 la integrante del del Colectivo \u201cMarea Verde Altas Monta\u00f1as\u201d Luz Mar\u00eda Reyes Huerta.&nbsp;<\/p>\n\n\n\n<p class=\"wp-block-paragraph\">En entrevista expuso que desde el inicio de esta administraci\u00f3n el Gobierno Federal, los recursos para todas las mujeres en todos los sentidos han venido disminuyendo y la atenci\u00f3n de la violencia como a v\u00edctimas no existe.<\/p>\n\n\n\n<p class=\"wp-block-paragraph\">Detall\u00f3 que las madres solteras han dejado de recibir apoyo tambi\u00e9n. \u201cMuchas mujeres se enfrentan a esta problem\u00e1tica de sacar adelante a sus hijos e hijas sin el apoyo paterno. Conocemos del gran n\u00famero de demandas por pensi\u00f3n alimenticia, la gran evasi\u00f3n que tratan de hacer la mayor\u00eda de los padres e incluso cuando est\u00e1n casados pues no cumplen con sus obligaciones alimentarias, por lo que abandonan sus fuentes de trabajo se van y se niegan a cumplir con un derecho que tienen los menores\u201d.&nbsp;<\/p>\n\n\n\n<p class=\"wp-block-paragraph\">Se\u00f1al\u00f3 que tanto el Gobierno de Andr\u00e9s Manuel L\u00f3pez Obrador como el de Cuitl\u00e1huac Garc\u00eda se han olvidado de las mujeres y no s\u00f3lo por el tema de las alertas de g\u00e9nero, sino tambi\u00e9n por la falta de recursos.<\/p>\n\n\n\n<p class=\"wp-block-paragraph\">\u201cSin duda alguna parecen olvidar que somos m\u00e1s del 50 por ciento de la poblaci\u00f3n en este pa\u00eds, y las mujeres somos las que m\u00e1s votamos, y somos a las que menos recursos nos dan. Se habla mucho de una legislatura de paridad, y s\u00f3lo se queda en discurso y papel, pero la mayor problem\u00e1tica que tenemos es que contamos con f\u00e9minas en la legislatura, en los gobiernos, pero eso no es una garant\u00eda y que tenga la perspectiva de g\u00e9nero, que piensen primero en las mujeres y que vean a problem\u00e1tica que vivimos o a la que nos enfrentamos todos los d\u00edas\u201d.<\/p>\n\n\n\n<p class=\"wp-block-paragraph\">Reiter\u00f3 que las mujeres est\u00e1n en la indefensi\u00f3n y un claro ejemplo es el alto n\u00famero de demandas de pensi\u00f3n alimenticia por lo que aun y cuando el diputado por el distrito de Ciudad Mendoza, Luis Arturo Santiago calific\u00f3 como c\u00ednica y burda la postura que han tomado algunos legisladores de Acci\u00f3n Nacional de no entregar apoyos a las madres de familia en Veracruz, a nivel federal se han eliminado muchos programas, pr\u00e1cticamente desampar\u00e1ndolas.&nbsp;<\/p>\n","protected":false},"excerpt":{"rendered":"<p>Orizaba, Ver.- Al no ser un grupo de poblaci\u00f3n electorera y que de soporte a la promoci\u00f3n como lo son los adultos mayores y j\u00f3venes, el sector femenino se mantiene relegado por el Gobierno pues no se destinan recursos econ\u00f3micos para atender las problem\u00e1ticas que sufren, lament\u00f3 la integrante del del Colectivo \u201cMarea Verde Altas [&hellip;]<\/p>\n","protected":false},"author":1,"featured_media":11272,"comment_status":"open","ping_status":"open","sticky":false,"template":"","format":"standard","meta":{"tdm_status":"","tdm_grid_status":"","footnotes":""},"categories":[10],"tags":[],"class_list":["post-12196","post","type-post","status-publish","format-standard","has-post-thumbnail","category-local-regional"],"_links":{"self":[{"href":"https:\/\/elrotativo.com.mx\/portal\/wp-json\/wp\/v2\/posts\/12196","targetHints":{"allow":["GET"]}}],"collection":[{"href":"https:\/\/elrotativo.com.mx\/portal\/wp-json\/wp\/v2\/posts"}],"about":[{"href":"https:\/\/elrotativo.com.mx\/portal\/wp-json\/wp\/v2\/types\/post"}],"author":[{"embeddable":true,"href":"https:\/\/elrotativo.com.mx\/portal\/wp-json\/wp\/v2\/users\/1"}],"replies":[{"embeddable":true,"href":"https:\/\/elrotativo.com.mx\/portal\/wp-json\/wp\/v2\/comments?post=12196"}],"version-history":[{"count":1,"href":"https:\/\/elrotativo.com.mx\/portal\/wp-json\/wp\/v2\/posts\/12196\/revisions"}],"predecessor-version":[{"id":12197,"href":"https:\/\/elrotativo.com.mx\/portal\/wp-json\/wp\/v2\/posts\/12196\/revisions\/12197"}],"wp:featuredmedia":[{"embeddable":true,"href":"https:\/\/elrotativo.com.mx\/portal\/wp-json\/wp\/v2\/media\/11272"}],"wp:attachment":[{"href":"https:\/\/elrotativo.com.mx\/portal\/wp-json\/wp\/v2\/media?parent=12196"}],"wp:term":[{"taxonomy":"category","embeddable":true,"href":"https:\/\/elrotativo.com.mx\/portal\/wp-json\/wp\/v2\/categories?post=12196"},{"taxonomy":"post_tag","embeddable":true,"href":"https:\/\/elrotativo.com.mx\/portal\/wp-json\/wp\/v2\/tags?post=12196"}],"curies":[{"name":"wp","href":"https:\/\/api.w.org\/{rel}","templated":true}]}}