{"id":12194,"date":"2023-01-30T09:11:28","date_gmt":"2023-01-30T15:11:28","guid":{"rendered":"https:\/\/elrotativo.mx\/portal\/?p=12194"},"modified":"2023-01-30T09:11:30","modified_gmt":"2023-01-30T15:11:30","slug":"marchan-por-la-aparicion-con-vida-de-activistas","status":"publish","type":"post","link":"https:\/\/elrotativo.com.mx\/portal\/marchan-por-la-aparicion-con-vida-de-activistas\/","title":{"rendered":"<strong>Marchan por la aparici\u00f3n con vida de activistas\u00a0<\/strong>"},"content":{"rendered":"\n<p class=\"wp-block-paragraph\">Orizaba, Ver.- A pesar de que es originario de la Ciudad de M\u00e9xico, Arturo Lagunes Gasca vivi\u00f3 su ni\u00f1ez y juventud en la ciudad de Orizaba, por lo que el pasado viernes, familiares y amigos realizaron una misa para pedir por su pronta aparici\u00f3n y posteriormente salieron a las calles a exigir a las autoridades la aparici\u00f3n del activista quien permanece no localizado junto con Antonio D\u00edaz Valencia.<\/p>\n\n\n\n<p class=\"wp-block-paragraph\">Con velas encendidas y oraciones, amigos y familiares oraron y pidieron por la aparici\u00f3n de ambos hombres, con pancartas y al grito de \u00abvivos se los llevaron, vivos los queremos\u00bb<\/p>\n\n\n\n<p class=\"wp-block-paragraph\">Una de las hermanas del activista dijo que est\u00e1n pidiendo a las autoridades que agilicen la b\u00fasqueda de Ricardo Arturo y del se\u00f1or Arturo D\u00edaz; \u201cambos desaparecieron desde el pasado 15 de enero entre la colindancia de los estado de Colima y Michoac\u00e1n, ah\u00ed fue la desaparici\u00f3n forzada y hemos hecho todo lo que ha sido posible y aun no tenemos ninguna respuesta\u201d.<\/p>\n\n\n\n<p class=\"wp-block-paragraph\">Aunque dijo que, en las fiscal\u00edas de Colima, Michoac\u00e1n y de la Ciudad de M\u00e9xico ya cuentan con el reporte, no pueden dejar de levantar la voz por la aparici\u00f3n del abogado defensor de los Derechos Humanos, as\u00ed como del profesor y l\u00edder comunitario.<\/p>\n\n\n\n<p class=\"wp-block-paragraph\">Es de mencionar que esta desaparici\u00f3n ha llenado los tabloides nacionales e internaciones en donde incluso la Organizaci\u00f3n de las Naciones Unidas, (ONU) ya efect\u00fao un pronunciamiento al respecto.&nbsp;<\/p>\n","protected":false},"excerpt":{"rendered":"<p>Orizaba, Ver.- A pesar de que es originario de la Ciudad de M\u00e9xico, Arturo Lagunes Gasca vivi\u00f3 su ni\u00f1ez y juventud en la ciudad de Orizaba, por lo que el pasado viernes, familiares y amigos realizaron una misa para pedir por su pronta aparici\u00f3n y posteriormente salieron a las calles a exigir a las autoridades [&hellip;]<\/p>\n","protected":false},"author":1,"featured_media":12130,"comment_status":"open","ping_status":"open","sticky":false,"template":"","format":"standard","meta":{"tdm_status":"","tdm_grid_status":"","footnotes":""},"categories":[10],"tags":[],"class_list":["post-12194","post","type-post","status-publish","format-standard","has-post-thumbnail","category-local-regional"],"_links":{"self":[{"href":"https:\/\/elrotativo.com.mx\/portal\/wp-json\/wp\/v2\/posts\/12194","targetHints":{"allow":["GET"]}}],"collection":[{"href":"https:\/\/elrotativo.com.mx\/portal\/wp-json\/wp\/v2\/posts"}],"about":[{"href":"https:\/\/elrotativo.com.mx\/portal\/wp-json\/wp\/v2\/types\/post"}],"author":[{"embeddable":true,"href":"https:\/\/elrotativo.com.mx\/portal\/wp-json\/wp\/v2\/users\/1"}],"replies":[{"embeddable":true,"href":"https:\/\/elrotativo.com.mx\/portal\/wp-json\/wp\/v2\/comments?post=12194"}],"version-history":[{"count":1,"href":"https:\/\/elrotativo.com.mx\/portal\/wp-json\/wp\/v2\/posts\/12194\/revisions"}],"predecessor-version":[{"id":12195,"href":"https:\/\/elrotativo.com.mx\/portal\/wp-json\/wp\/v2\/posts\/12194\/revisions\/12195"}],"wp:featuredmedia":[{"embeddable":true,"href":"https:\/\/elrotativo.com.mx\/portal\/wp-json\/wp\/v2\/media\/12130"}],"wp:attachment":[{"href":"https:\/\/elrotativo.com.mx\/portal\/wp-json\/wp\/v2\/media?parent=12194"}],"wp:term":[{"taxonomy":"category","embeddable":true,"href":"https:\/\/elrotativo.com.mx\/portal\/wp-json\/wp\/v2\/categories?post=12194"},{"taxonomy":"post_tag","embeddable":true,"href":"https:\/\/elrotativo.com.mx\/portal\/wp-json\/wp\/v2\/tags?post=12194"}],"curies":[{"name":"wp","href":"https:\/\/api.w.org\/{rel}","templated":true}]}}