{"id":12189,"date":"2023-01-30T09:07:14","date_gmt":"2023-01-30T15:07:14","guid":{"rendered":"https:\/\/elrotativo.mx\/portal\/?p=12189"},"modified":"2023-01-30T09:07:15","modified_gmt":"2023-01-30T15:07:15","slug":"alerta-por-cambios-en-el-clima-que-generan-incendios-forestales","status":"publish","type":"post","link":"https:\/\/elrotativo.com.mx\/portal\/alerta-por-cambios-en-el-clima-que-generan-incendios-forestales\/","title":{"rendered":"<strong>Alerta por cambios en el clima que generan incendios forestales<\/strong>"},"content":{"rendered":"\n<p class=\"wp-block-paragraph\">Orizaba, Ver.- Los cambios en el clima o llamado tambi\u00e9n modelos meteorol\u00f3gicos ha generado alarma para esta temporada de incendios forestales 2023, reconoci\u00f3 el jefe de la brigada Umafor Pico de Orizaba de la Comisi\u00f3n Nacional Forestal (Conafor), David Rosales P\u00e9rez, quien dijo que hay d\u00edas de surada, pero los frentes fr\u00edos han tra\u00eddo poca humedad y heladas y eso reseca la vegetaci\u00f3n.<\/p>\n\n\n\n<p class=\"wp-block-paragraph\">\u201cEn las partes altas digamos que los combustibles ya est\u00e1n secos y listos para la ignici\u00f3n\u201d.<\/p>\n\n\n\n<p class=\"wp-block-paragraph\">Se\u00f1al\u00f3 que Maltrata, por su elevaci\u00f3n y su ubicaci\u00f3n en el ca\u00f1\u00f3n del R\u00edo Blanco, que provoca que le peguen fuerte los vientos, adem\u00e1s de que en los frentes fr\u00edos s\u00f3lo se nubla pero no llega humedad, por lo que es el municipio que m\u00e1s presenta esa problem\u00e1tica.<\/p>\n\n\n\n<p class=\"wp-block-paragraph\">El funcionario federal indic\u00f3 que los municipios que m\u00e1s incendios registran en esta \u00e9poca son: Maltrata, Calcahualco, Alpatl\u00e1huac, La Perla, Tequila, Los Reyes, Acultzingo, Mendoza Nogales, Soledad Atzompa.<\/p>\n\n\n\n<p class=\"wp-block-paragraph\">Y precis\u00f3 que la causa principal de los incendios es la mano del hombre por negligencia, ya que las personas realizan quemas agr\u00edcolas o con fines de pastoreo y utilizan hornos de carb\u00f3n, pero no toman bien sus precauciones y se les sale de control.<\/p>\n\n\n\n<p class=\"wp-block-paragraph\">Agreg\u00f3 que por ello, se integr\u00f3 en ese municipio una brigada que estar\u00e1 operando siete meses en labores de prevenci\u00f3n y combate de incendios, a fin de tener una respuesta r\u00e1pida en caso de que se presente un fuego.<\/p>\n","protected":false},"excerpt":{"rendered":"<p>Orizaba, Ver.- Los cambios en el clima o llamado tambi\u00e9n modelos meteorol\u00f3gicos ha generado alarma para esta temporada de incendios forestales 2023, reconoci\u00f3 el jefe de la brigada Umafor Pico de Orizaba de la Comisi\u00f3n Nacional Forestal (Conafor), David Rosales P\u00e9rez, quien dijo que hay d\u00edas de surada, pero los frentes fr\u00edos han tra\u00eddo poca [&hellip;]<\/p>\n","protected":false},"author":1,"featured_media":11853,"comment_status":"open","ping_status":"open","sticky":false,"template":"","format":"standard","meta":{"tdm_status":"","tdm_grid_status":"","footnotes":""},"categories":[10],"tags":[],"class_list":["post-12189","post","type-post","status-publish","format-standard","has-post-thumbnail","category-local-regional"],"_links":{"self":[{"href":"https:\/\/elrotativo.com.mx\/portal\/wp-json\/wp\/v2\/posts\/12189","targetHints":{"allow":["GET"]}}],"collection":[{"href":"https:\/\/elrotativo.com.mx\/portal\/wp-json\/wp\/v2\/posts"}],"about":[{"href":"https:\/\/elrotativo.com.mx\/portal\/wp-json\/wp\/v2\/types\/post"}],"author":[{"embeddable":true,"href":"https:\/\/elrotativo.com.mx\/portal\/wp-json\/wp\/v2\/users\/1"}],"replies":[{"embeddable":true,"href":"https:\/\/elrotativo.com.mx\/portal\/wp-json\/wp\/v2\/comments?post=12189"}],"version-history":[{"count":1,"href":"https:\/\/elrotativo.com.mx\/portal\/wp-json\/wp\/v2\/posts\/12189\/revisions"}],"predecessor-version":[{"id":12190,"href":"https:\/\/elrotativo.com.mx\/portal\/wp-json\/wp\/v2\/posts\/12189\/revisions\/12190"}],"wp:featuredmedia":[{"embeddable":true,"href":"https:\/\/elrotativo.com.mx\/portal\/wp-json\/wp\/v2\/media\/11853"}],"wp:attachment":[{"href":"https:\/\/elrotativo.com.mx\/portal\/wp-json\/wp\/v2\/media?parent=12189"}],"wp:term":[{"taxonomy":"category","embeddable":true,"href":"https:\/\/elrotativo.com.mx\/portal\/wp-json\/wp\/v2\/categories?post=12189"},{"taxonomy":"post_tag","embeddable":true,"href":"https:\/\/elrotativo.com.mx\/portal\/wp-json\/wp\/v2\/tags?post=12189"}],"curies":[{"name":"wp","href":"https:\/\/api.w.org\/{rel}","templated":true}]}}