{"id":12180,"date":"2023-01-30T08:59:15","date_gmt":"2023-01-30T14:59:15","guid":{"rendered":"https:\/\/elrotativo.mx\/portal\/?p=12180"},"modified":"2023-01-30T08:59:17","modified_gmt":"2023-01-30T14:59:17","slug":"se-dieron-de-baja-mas-de-200-comerciantes-informales-en-orizaba-en-un-ano","status":"publish","type":"post","link":"https:\/\/elrotativo.com.mx\/portal\/se-dieron-de-baja-mas-de-200-comerciantes-informales-en-orizaba-en-un-ano\/","title":{"rendered":"<strong>Se dieron de baja m\u00e1s de 200 comerciantes informales en Orizaba en un a\u00f1o<\/strong>"},"content":{"rendered":"\n<p class=\"wp-block-paragraph\">Orizaba, Ver.- Mientras que 205 comerciantes informales fueron dados de baja, 75 se dieron de alta y nueve se reincorporaron en el los \u00faltimos 12 meses, inform\u00f3 el coordinador de comercio del Ayuntamiento de Orizaba, Eric Morales Reyes<\/p>\n\n\n\n<p class=\"wp-block-paragraph\">Sobre los 75 nuevos comerciantes ambulantes, dijo que podr\u00e1n expender sus diversos productos lejos del centro hist\u00f3rico.<\/p>\n\n\n\n<p class=\"wp-block-paragraph\">En cuanto a los que se dieron de baja, detall\u00f3 algunos no estaban activos, otros m\u00e1s ya no refrendaron y por alguna situaci\u00f3n ya no desempe\u00f1an la actividad comercial.<\/p>\n\n\n\n<p class=\"wp-block-paragraph\">Asimismo explic\u00f3 que los principales motivos de las bajas fueron por fallecimiento a causa de la pandemia sanitaria, otros m\u00e1s porque simplemente no se localizaron y el resto por falta de pago, mientras que los nueve que solicitaron su reingreso fue por que debido a la pandemia no realizaron su actividad comercial y hoy nuevamente se incorporan.<\/p>\n\n\n\n<p class=\"wp-block-paragraph\">Sobre los giros de estos comerciantes o los permisos m\u00e1s solicitados son: venta de tamales, pan y nieve.<\/p>\n\n\n\n<p class=\"wp-block-paragraph\">Finalmente, el entrevistado, precis\u00f3 que la actividad que m\u00e1s ha tenido un incremento es el giro de alimentos, no \u00fanicamente en la apertura de comercio establecido, sino en aquellas personas que entregan a domicilio, registrando hasta un 20 por ciento de aumento.<\/p>\n","protected":false},"excerpt":{"rendered":"<p>Orizaba, Ver.- Mientras que 205 comerciantes informales fueron dados de baja, 75 se dieron de alta y nueve se reincorporaron en el los \u00faltimos 12 meses, inform\u00f3 el coordinador de comercio del Ayuntamiento de Orizaba, Eric Morales Reyes Sobre los 75 nuevos comerciantes ambulantes, dijo que podr\u00e1n expender sus diversos productos lejos del centro hist\u00f3rico. [&hellip;]<\/p>\n","protected":false},"author":1,"featured_media":12183,"comment_status":"open","ping_status":"open","sticky":false,"template":"","format":"standard","meta":{"tdm_status":"","tdm_grid_status":"","footnotes":""},"categories":[10],"tags":[],"class_list":["post-12180","post","type-post","status-publish","format-standard","has-post-thumbnail","category-local-regional"],"_links":{"self":[{"href":"https:\/\/elrotativo.com.mx\/portal\/wp-json\/wp\/v2\/posts\/12180","targetHints":{"allow":["GET"]}}],"collection":[{"href":"https:\/\/elrotativo.com.mx\/portal\/wp-json\/wp\/v2\/posts"}],"about":[{"href":"https:\/\/elrotativo.com.mx\/portal\/wp-json\/wp\/v2\/types\/post"}],"author":[{"embeddable":true,"href":"https:\/\/elrotativo.com.mx\/portal\/wp-json\/wp\/v2\/users\/1"}],"replies":[{"embeddable":true,"href":"https:\/\/elrotativo.com.mx\/portal\/wp-json\/wp\/v2\/comments?post=12180"}],"version-history":[{"count":1,"href":"https:\/\/elrotativo.com.mx\/portal\/wp-json\/wp\/v2\/posts\/12180\/revisions"}],"predecessor-version":[{"id":12184,"href":"https:\/\/elrotativo.com.mx\/portal\/wp-json\/wp\/v2\/posts\/12180\/revisions\/12184"}],"wp:featuredmedia":[{"embeddable":true,"href":"https:\/\/elrotativo.com.mx\/portal\/wp-json\/wp\/v2\/media\/12183"}],"wp:attachment":[{"href":"https:\/\/elrotativo.com.mx\/portal\/wp-json\/wp\/v2\/media?parent=12180"}],"wp:term":[{"taxonomy":"category","embeddable":true,"href":"https:\/\/elrotativo.com.mx\/portal\/wp-json\/wp\/v2\/categories?post=12180"},{"taxonomy":"post_tag","embeddable":true,"href":"https:\/\/elrotativo.com.mx\/portal\/wp-json\/wp\/v2\/tags?post=12180"}],"curies":[{"name":"wp","href":"https:\/\/api.w.org\/{rel}","templated":true}]}}