{"id":11935,"date":"2023-01-25T00:18:52","date_gmt":"2023-01-25T06:18:52","guid":{"rendered":"https:\/\/elrotativo.mx\/portal\/?p=11935"},"modified":"2023-01-25T00:18:53","modified_gmt":"2023-01-25T06:18:53","slug":"padres-de-familia-y-maestros-toman-escuela-en-orizaba","status":"publish","type":"post","link":"https:\/\/elrotativo.com.mx\/portal\/padres-de-familia-y-maestros-toman-escuela-en-orizaba\/","title":{"rendered":"<strong>Padres de familia y maestros toman escuela en Orizaba<\/strong>"},"content":{"rendered":"\n<p>Orizaba, Ver.- Un grupo de maestros encabezados por la directora Laura Pedraza Cruz as\u00ed como padres de familia se apoderaron de la primaria \u201cNicol\u00e1s Bravo\u201d de Orizaba para exigir el cambio de una profesora que acusan de presuntamente acosar a la plantilla docente y al alumnado.<\/p>\n\n\n\n<p>Se trata de la profesora Lili del IV grado, agremiada en el Sindicato Magisterial de la CROC con sede en C\u00f3rdoba. Seg\u00fan la directora &nbsp;Laura Pedraza su compa\u00f1era inici\u00f3 este conflicto desde hace m\u00e1s de un a\u00f1o, argument\u00f3 que es en base al art\u00edculo 37 de la Ley Estatal del Servicio Civil de Veracruz que se pide el cambio de adscripci\u00f3n al poner en riesgo la integridad f\u00edsica y emocional del personal docente y alumnos.<\/p>\n\n\n\n<p>\u201cComo maestros, integrantes de la plantilla y padres de familia, lo que se est\u00e1 solicitando es el cambio del centro de trabajo de la docente de Cuarto B por faltas graves y de las cuales se pueden mencionar maltrato hacia el personal docente y directivos y que no podemos permitir. Nosotros somos ejemplo y ellos tienen derecho a vivir y estar en un ambiente libre de violencia\u00bb, acot\u00f3 la entrevistada.<\/p>\n\n\n\n<p>Reconoci\u00f3 que cuentan con &nbsp;el apoyo y respaldo de los padres de familia, por lo este martes 180 alumnos no tuvieron clases.<\/p>\n","protected":false},"excerpt":{"rendered":"<p>Orizaba, Ver.- Un grupo de maestros encabezados por la directora Laura Pedraza Cruz as\u00ed como padres de familia se apoderaron de la primaria \u201cNicol\u00e1s Bravo\u201d de Orizaba para exigir el cambio de una profesora que acusan de presuntamente acosar a la plantilla docente y al alumnado. Se trata de la profesora Lili del IV grado, [&hellip;]<\/p>\n","protected":false},"author":1,"featured_media":11929,"comment_status":"open","ping_status":"open","sticky":false,"template":"","format":"standard","meta":{"rop_custom_images_group":[],"rop_custom_messages_group":[],"rop_publish_now":"initial","rop_publish_now_accounts":{"facebook_2001103103558832_1797403930571497":""},"rop_publish_now_history":[],"rop_publish_now_status":"pending","tdm_status":"","tdm_grid_status":"","footnotes":""},"categories":[26],"tags":[],"class_list":{"0":"post-11935","1":"post","2":"type-post","3":"status-publish","4":"format-standard","5":"has-post-thumbnail","7":"category-destacada-4"},"_links":{"self":[{"href":"https:\/\/elrotativo.com.mx\/portal\/wp-json\/wp\/v2\/posts\/11935","targetHints":{"allow":["GET"]}}],"collection":[{"href":"https:\/\/elrotativo.com.mx\/portal\/wp-json\/wp\/v2\/posts"}],"about":[{"href":"https:\/\/elrotativo.com.mx\/portal\/wp-json\/wp\/v2\/types\/post"}],"author":[{"embeddable":true,"href":"https:\/\/elrotativo.com.mx\/portal\/wp-json\/wp\/v2\/users\/1"}],"replies":[{"embeddable":true,"href":"https:\/\/elrotativo.com.mx\/portal\/wp-json\/wp\/v2\/comments?post=11935"}],"version-history":[{"count":1,"href":"https:\/\/elrotativo.com.mx\/portal\/wp-json\/wp\/v2\/posts\/11935\/revisions"}],"predecessor-version":[{"id":11936,"href":"https:\/\/elrotativo.com.mx\/portal\/wp-json\/wp\/v2\/posts\/11935\/revisions\/11936"}],"wp:featuredmedia":[{"embeddable":true,"href":"https:\/\/elrotativo.com.mx\/portal\/wp-json\/wp\/v2\/media\/11929"}],"wp:attachment":[{"href":"https:\/\/elrotativo.com.mx\/portal\/wp-json\/wp\/v2\/media?parent=11935"}],"wp:term":[{"taxonomy":"category","embeddable":true,"href":"https:\/\/elrotativo.com.mx\/portal\/wp-json\/wp\/v2\/categories?post=11935"},{"taxonomy":"post_tag","embeddable":true,"href":"https:\/\/elrotativo.com.mx\/portal\/wp-json\/wp\/v2\/tags?post=11935"}],"curies":[{"name":"wp","href":"https:\/\/api.w.org\/{rel}","templated":true}]}}