{"id":10239,"date":"2022-12-14T07:37:03","date_gmt":"2022-12-14T13:37:03","guid":{"rendered":"https:\/\/elrotativo.mx\/portal\/?p=10239"},"modified":"2022-12-14T07:37:04","modified_gmt":"2022-12-14T13:37:04","slug":"reportan-mil-200-casos-de-violencia-vicaria-en-estado-de-veracruz-en-2022","status":"publish","type":"post","link":"https:\/\/elrotativo.com.mx\/portal\/reportan-mil-200-casos-de-violencia-vicaria-en-estado-de-veracruz-en-2022\/","title":{"rendered":"<strong>Reportan mil 200 casos de violencia vicaria en estado de Veracruz en 2022<\/strong>"},"content":{"rendered":"\n<p>Veracruz, Ver.- M\u00e1s de mil 200 casos de violencia vicaria en el estado de Veracruz, es lo que ha contabilizado el Frente Nacional Mujeres en lo que va del a\u00f1o, inform\u00f3 la integrante de dicha organizaci\u00f3n Gabriela Pablo Saucedo.<\/p>\n\n\n\n<p>En entrevista, detall\u00f3 que la violencia vicaria es aquella que tiene como objetivo da\u00f1ar a la mujer a trav\u00e9s de sus seres queridos, especialmente de sus hijos, la cual es ejercida en su mayor\u00eda por sus parejas es decir, los padres de ni\u00f1os a trav\u00e9s de violencia extrema contra los hijos.<\/p>\n\n\n\n<p>Detall\u00f3 que se han registrado varios casos de este tipo de violencia, donde muchas madres est\u00e1n pidiendo que la violencia vicaria sea tipificada como violencia de g\u00e9nero. \u00abTenemos much\u00edsimos casos y denuncias, en el estado de Veracruz muchas madres est\u00e1n pidiendo que esta ley sea efectiva, tipificada como violencia de g\u00e9nero\u00bb.<\/p>\n\n\n\n<p>Asegur\u00f3 que la violencia vicaria es un problema social que va en aumento. \u00abSe trata de la escalada de violencia y aqu\u00ed en Veracruz hay muchos casos y la violencia vicaria es un problema social en aumento\u00bb.<\/p>\n","protected":false},"excerpt":{"rendered":"<p>Veracruz, Ver.- M\u00e1s de mil 200 casos de violencia vicaria en el estado de Veracruz, es lo que ha contabilizado el Frente Nacional Mujeres en lo que va del a\u00f1o, inform\u00f3 la integrante de dicha organizaci\u00f3n Gabriela Pablo Saucedo. En entrevista, detall\u00f3 que la violencia vicaria es aquella que tiene como objetivo da\u00f1ar a la [&hellip;]<\/p>\n","protected":false},"author":1,"featured_media":9967,"comment_status":"open","ping_status":"open","sticky":false,"template":"","format":"standard","meta":{"rop_custom_images_group":[],"rop_custom_messages_group":[],"rop_publish_now":"initial","rop_publish_now_accounts":{"facebook_2001103103558832_1797403930571497":""},"rop_publish_now_history":[],"rop_publish_now_status":"pending","tdm_status":"","tdm_grid_status":"","footnotes":""},"categories":[6],"tags":[],"class_list":{"0":"post-10239","1":"post","2":"type-post","3":"status-publish","4":"format-standard","5":"has-post-thumbnail","7":"category-estatal"},"_links":{"self":[{"href":"https:\/\/elrotativo.com.mx\/portal\/wp-json\/wp\/v2\/posts\/10239","targetHints":{"allow":["GET"]}}],"collection":[{"href":"https:\/\/elrotativo.com.mx\/portal\/wp-json\/wp\/v2\/posts"}],"about":[{"href":"https:\/\/elrotativo.com.mx\/portal\/wp-json\/wp\/v2\/types\/post"}],"author":[{"embeddable":true,"href":"https:\/\/elrotativo.com.mx\/portal\/wp-json\/wp\/v2\/users\/1"}],"replies":[{"embeddable":true,"href":"https:\/\/elrotativo.com.mx\/portal\/wp-json\/wp\/v2\/comments?post=10239"}],"version-history":[{"count":1,"href":"https:\/\/elrotativo.com.mx\/portal\/wp-json\/wp\/v2\/posts\/10239\/revisions"}],"predecessor-version":[{"id":10240,"href":"https:\/\/elrotativo.com.mx\/portal\/wp-json\/wp\/v2\/posts\/10239\/revisions\/10240"}],"wp:featuredmedia":[{"embeddable":true,"href":"https:\/\/elrotativo.com.mx\/portal\/wp-json\/wp\/v2\/media\/9967"}],"wp:attachment":[{"href":"https:\/\/elrotativo.com.mx\/portal\/wp-json\/wp\/v2\/media?parent=10239"}],"wp:term":[{"taxonomy":"category","embeddable":true,"href":"https:\/\/elrotativo.com.mx\/portal\/wp-json\/wp\/v2\/categories?post=10239"},{"taxonomy":"post_tag","embeddable":true,"href":"https:\/\/elrotativo.com.mx\/portal\/wp-json\/wp\/v2\/tags?post=10239"}],"curies":[{"name":"wp","href":"https:\/\/api.w.org\/{rel}","templated":true}]}}