{"id":10173,"date":"2022-12-11T22:30:09","date_gmt":"2022-12-12T04:30:09","guid":{"rendered":"https:\/\/elrotativo.mx\/portal\/?p=10173"},"modified":"2022-12-11T22:30:11","modified_gmt":"2022-12-12T04:30:11","slug":"mantendra-spc-operativos-invernales-en-zona-de-montana","status":"publish","type":"post","link":"https:\/\/elrotativo.com.mx\/portal\/mantendra-spc-operativos-invernales-en-zona-de-montana\/","title":{"rendered":"<strong>Mantendr\u00e1 SPC operativos invernales en zona de monta\u00f1a<\/strong>"},"content":{"rendered":"\n<p class=\"wp-block-paragraph\">R\u00edo Blanco, Ver.- Ante la llegada de la temporada de fr\u00edos, la titular de la Secretaria de Protecci\u00f3n Civil (SPC) en el estado, Guadalupe Osorno Maldonado, inform\u00f3 que mantendr\u00e1n un intenso operativo con las unidades de la dependencia, especialmente en la zona monta\u00f1osa a fin de atender las necesidades m\u00e1s apremiante, pues ya hay comunidades que amanecen con temperaturas de los cinco grados.<\/p>\n\n\n\n<p class=\"wp-block-paragraph\">\u201cS\u00ed claro estamos monitoreando que los fr\u00edos no sean anormales, que no sean como las temperaturas que hemos manejado esta temporada. El a\u00f1o pasado tuvimos poco cambio entre las temperaturas m\u00e1ximas y las m\u00ednimas, hab\u00eda 8 y 9 grados a mediod\u00eda y eso implic\u00f3 una atenci\u00f3n especial\u201d.<\/p>\n\n\n\n<p class=\"wp-block-paragraph\">Record\u00f3 que el a\u00f1o pasado se tuvieron varias dificultades porque se registraron las temperaturas m\u00e1s bajas de la historia, por lo que para esta temporada se trabaja de manera coordinada y caso de que sea necesaria la entrega de insumos a los municipios se estar\u00e1 haciendo, por lo que los alcaldes pueden tener la seguridad de que si solicitud es justificada se les respaldar\u00e1.<\/p>\n\n\n\n<p class=\"wp-block-paragraph\">\u201cTenemos madrugadas fr\u00edas pero tenemos altas temperaturas en el transcurso del d\u00eda, est\u00e1 variabilidad permite que la temperatura no sea tan bajas en caso de alg\u00fan pron\u00f3stico de un frente fr\u00edo, de hecho no tenemos pronosticado hasta el 14 o 15 de diciembre y vamos a estar pendiente de cu\u00e1les ser\u00e1n las temperaturas, vamos a ver m\u00e1s adelante\u201d.<\/p>\n\n\n\n<p class=\"wp-block-paragraph\">Por ello expuso que ya se tienen establecidos al menos mil inmuebles que pueden ser usados como como refugios temporales, pero ser\u00e1 cuesti\u00f3n de que vean cu\u00e1les son las condiciones del clima y en caso de ser necesario se van a activar.<\/p>\n\n\n\n<p class=\"wp-block-paragraph\">Finalmente en el tema de la pirotecnia, recomend\u00f3 a los padres de familia a no permitir que los ni\u00f1os y las ni\u00f1as no usen esos explosivos.<\/p>\n\n\n\n<p class=\"wp-block-paragraph\">\u201cEn ninguno de los casos, es una actividad de riesgo y es un riesgo que se puede evitar no usando pirotecnia, las recomendaciones son que no la usen y que los ni\u00f1os y las ni\u00f1as bajo ninguna circunstancia lo usen, y tengan cuidado porque viene la semana importante por el tema de las fiestas de la virgen de Guadalupe y se debe estar atentos para evitar situaciones que lamentar\u201d.<\/p>\n","protected":false},"excerpt":{"rendered":"<p>R\u00edo Blanco, Ver.- Ante la llegada de la temporada de fr\u00edos, la titular de la Secretaria de Protecci\u00f3n Civil (SPC) en el estado, Guadalupe Osorno Maldonado, inform\u00f3 que mantendr\u00e1n un intenso operativo con las unidades de la dependencia, especialmente en la zona monta\u00f1osa a fin de atender las necesidades m\u00e1s apremiante, pues ya hay comunidades [&hellip;]<\/p>\n","protected":false},"author":1,"featured_media":10057,"comment_status":"open","ping_status":"open","sticky":false,"template":"","format":"standard","meta":{"tdm_status":"","tdm_grid_status":"","footnotes":""},"categories":[10],"tags":[],"class_list":["post-10173","post","type-post","status-publish","format-standard","has-post-thumbnail","category-local-regional"],"_links":{"self":[{"href":"https:\/\/elrotativo.com.mx\/portal\/wp-json\/wp\/v2\/posts\/10173","targetHints":{"allow":["GET"]}}],"collection":[{"href":"https:\/\/elrotativo.com.mx\/portal\/wp-json\/wp\/v2\/posts"}],"about":[{"href":"https:\/\/elrotativo.com.mx\/portal\/wp-json\/wp\/v2\/types\/post"}],"author":[{"embeddable":true,"href":"https:\/\/elrotativo.com.mx\/portal\/wp-json\/wp\/v2\/users\/1"}],"replies":[{"embeddable":true,"href":"https:\/\/elrotativo.com.mx\/portal\/wp-json\/wp\/v2\/comments?post=10173"}],"version-history":[{"count":1,"href":"https:\/\/elrotativo.com.mx\/portal\/wp-json\/wp\/v2\/posts\/10173\/revisions"}],"predecessor-version":[{"id":10174,"href":"https:\/\/elrotativo.com.mx\/portal\/wp-json\/wp\/v2\/posts\/10173\/revisions\/10174"}],"wp:featuredmedia":[{"embeddable":true,"href":"https:\/\/elrotativo.com.mx\/portal\/wp-json\/wp\/v2\/media\/10057"}],"wp:attachment":[{"href":"https:\/\/elrotativo.com.mx\/portal\/wp-json\/wp\/v2\/media?parent=10173"}],"wp:term":[{"taxonomy":"category","embeddable":true,"href":"https:\/\/elrotativo.com.mx\/portal\/wp-json\/wp\/v2\/categories?post=10173"},{"taxonomy":"post_tag","embeddable":true,"href":"https:\/\/elrotativo.com.mx\/portal\/wp-json\/wp\/v2\/tags?post=10173"}],"curies":[{"name":"wp","href":"https:\/\/api.w.org\/{rel}","templated":true}]}}