{"id":10167,"date":"2022-12-11T22:24:40","date_gmt":"2022-12-12T04:24:40","guid":{"rendered":"https:\/\/elrotativo.mx\/portal\/?p=10167"},"modified":"2022-12-11T22:24:41","modified_gmt":"2022-12-12T04:24:41","slug":"juzgados-se-van-de-vacaciones-con-rezago-de-expedientes","status":"publish","type":"post","link":"https:\/\/elrotativo.com.mx\/portal\/juzgados-se-van-de-vacaciones-con-rezago-de-expedientes\/","title":{"rendered":"<strong>Juzgados se van de vacaciones con rezago de expedientes<\/strong>"},"content":{"rendered":"\n<p class=\"wp-block-paragraph\">Orizaba, Ver.- Debido al periodo vacacional de invierno que comprende del 12 de diciembre de 2022 hasta el 3 de enero de 2023, el pasado viernes 9 de diciembre fue el \u00faltimo d\u00eda h\u00e1bil para atender en los juzgados a pesar del gran rezago de expedientes que hay. Lamentaron algunos abogados de la regi\u00f3n.&nbsp;<\/p>\n\n\n\n<p class=\"wp-block-paragraph\">Expusieron que los tribunales y todas las instancias que dependen del Poder Judicial, entran en receso, sin embargo en todos los juzgados hay un gran retraso de casos desde hace tiempo, los cuales no se ha podido sacar, y ahora entrar\u00e1n en un nuevo descanso lo que generar\u00e1 un nuevo c\u00famulo de documentos.<\/p>\n\n\n\n<p class=\"wp-block-paragraph\">Aseguraron que est\u00e1n conscientes que el descanso vacacional se toma en diferentes dependencias y es merecido, sin embargo este temporal decembrina representa casi un mes de que los casos no se estar\u00e1n atendiendo, lo que significa que se acumularan m\u00e1s expedientes y el rezago ser\u00e1 a\u00fan mayor del que se trae desde hace meses.<\/p>\n\n\n\n<p class=\"wp-block-paragraph\">Refirieron que de acuerdo al circular, las vacaciones inician formalmente el 12 de diciembre, sin embargo este viernes 9 fue el \u00faltimo h\u00e1bil, pues los d\u00edas s\u00e1bado y domingo s\u00f3lo se mantienen guardias ante un caso urgente, mientras que el retorno del personal de los juzgados ser\u00e1 hasta el 4 de enero de 2023, pues el periodo vacacional concluye el 3 de enero, lo que representa un per\u00edodo bastante largo que ser\u00e1 perdida en los avances que pudieran tener algunos casos.<\/p>\n\n\n\n<p class=\"wp-block-paragraph\">Aunque dijeron que durante este tiempo se queda una guardia para atender asuntos de car\u00e1cter urgente como los casos de desistimiento de la acci\u00f3n penal por parte de la Fiscal\u00eda General del Estado (FGE) cuando haya detenidos; casos de demandas de amparo en materia penal.&nbsp;<\/p>\n","protected":false},"excerpt":{"rendered":"<p>Orizaba, Ver.- Debido al periodo vacacional de invierno que comprende del 12 de diciembre de 2022 hasta el 3 de enero de 2023, el pasado viernes 9 de diciembre fue el \u00faltimo d\u00eda h\u00e1bil para atender en los juzgados a pesar del gran rezago de expedientes que hay. Lamentaron algunos abogados de la regi\u00f3n.&nbsp; Expusieron [&hellip;]<\/p>\n","protected":false},"author":1,"featured_media":10143,"comment_status":"open","ping_status":"open","sticky":false,"template":"","format":"standard","meta":{"tdm_status":"","tdm_grid_status":"","footnotes":""},"categories":[26],"tags":[],"class_list":["post-10167","post","type-post","status-publish","format-standard","has-post-thumbnail","category-destacada-4"],"_links":{"self":[{"href":"https:\/\/elrotativo.com.mx\/portal\/wp-json\/wp\/v2\/posts\/10167","targetHints":{"allow":["GET"]}}],"collection":[{"href":"https:\/\/elrotativo.com.mx\/portal\/wp-json\/wp\/v2\/posts"}],"about":[{"href":"https:\/\/elrotativo.com.mx\/portal\/wp-json\/wp\/v2\/types\/post"}],"author":[{"embeddable":true,"href":"https:\/\/elrotativo.com.mx\/portal\/wp-json\/wp\/v2\/users\/1"}],"replies":[{"embeddable":true,"href":"https:\/\/elrotativo.com.mx\/portal\/wp-json\/wp\/v2\/comments?post=10167"}],"version-history":[{"count":1,"href":"https:\/\/elrotativo.com.mx\/portal\/wp-json\/wp\/v2\/posts\/10167\/revisions"}],"predecessor-version":[{"id":10168,"href":"https:\/\/elrotativo.com.mx\/portal\/wp-json\/wp\/v2\/posts\/10167\/revisions\/10168"}],"wp:featuredmedia":[{"embeddable":true,"href":"https:\/\/elrotativo.com.mx\/portal\/wp-json\/wp\/v2\/media\/10143"}],"wp:attachment":[{"href":"https:\/\/elrotativo.com.mx\/portal\/wp-json\/wp\/v2\/media?parent=10167"}],"wp:term":[{"taxonomy":"category","embeddable":true,"href":"https:\/\/elrotativo.com.mx\/portal\/wp-json\/wp\/v2\/categories?post=10167"},{"taxonomy":"post_tag","embeddable":true,"href":"https:\/\/elrotativo.com.mx\/portal\/wp-json\/wp\/v2\/tags?post=10167"}],"curies":[{"name":"wp","href":"https:\/\/api.w.org\/{rel}","templated":true}]}}