{"id":10157,"date":"2022-12-11T22:14:13","date_gmt":"2022-12-12T04:14:13","guid":{"rendered":"https:\/\/elrotativo.mx\/portal\/?p=10157"},"modified":"2022-12-11T22:14:15","modified_gmt":"2022-12-12T04:14:15","slug":"aumento-en-30-por-ciento-el-trafico-de-trenes","status":"publish","type":"post","link":"https:\/\/elrotativo.com.mx\/portal\/aumento-en-30-por-ciento-el-trafico-de-trenes\/","title":{"rendered":"<strong>Aument\u00f3 en 30 por ciento, el tr\u00e1fico de trenes<\/strong>"},"content":{"rendered":"\n<p class=\"wp-block-paragraph\">Orizaba, Ver.- A pesar de que en este 2022 el tr\u00e1fico de trenes se increment\u00f3 hasta en un 30 por ciento, se espera que durante los pr\u00f3ximos dos a\u00f1os, este fen\u00f3meno se siga presentado, debido a que este medio de transporte de carga es cada vez m\u00e1s solicitado.<\/p>\n\n\n\n<p class=\"wp-block-paragraph\">De acuerdo con el secretario general de la Secci\u00f3n 20 del Sindicato de Trabajadores Ferrocarrileros de la Rep\u00fablica Mexicana (STFRM), Hermilo Merino Bello con la ampliaci\u00f3n del Puerto de Veracruz, el flujo de mercanc\u00eda ha incrementado el flujo, aunado a la carga procedente del Salina Cruz, Oaxaca<\/p>\n\n\n\n<p class=\"wp-block-paragraph\">\u201cYo creo que cuando se termine de rehabilitar el puerto de Salina Cruz se tendr\u00e1 un mayor flujo de carga, ahorita el gobierno federal est\u00e1 rehabilitando las v\u00edas hacia Ixtepec, entonces tendremos aumento en la carga de trabajo que viene sobre esta l\u00ednea lo que es desde Tierra Blanca, C\u00f3rdoba, Orizaba, y hasta su destino final, M\u00e9xico, Guadalajara y Monterrey, en el norte de la Rep\u00fablica\u201d, apunt\u00f3.<\/p>\n\n\n\n<p class=\"wp-block-paragraph\">Agreg\u00f3 que los trenes que salen del patio de la empresa Ienova, por San Juan de Ul\u00faa han incrementado el movimiento en esta primera etapa de ampliaci\u00f3n del Puerto de Veracruz y se espera que en los pr\u00f3ximos dos a\u00f1os siguientes, el flujo ferroviario continuar\u00e1 aumentando.<\/p>\n","protected":false},"excerpt":{"rendered":"<p>Orizaba, Ver.- A pesar de que en este 2022 el tr\u00e1fico de trenes se increment\u00f3 hasta en un 30 por ciento, se espera que durante los pr\u00f3ximos dos a\u00f1os, este fen\u00f3meno se siga presentado, debido a que este medio de transporte de carga es cada vez m\u00e1s solicitado. De acuerdo con el secretario general de [&hellip;]<\/p>\n","protected":false},"author":1,"featured_media":9706,"comment_status":"open","ping_status":"open","sticky":false,"template":"","format":"standard","meta":{"tdm_status":"","tdm_grid_status":"","footnotes":""},"categories":[10],"tags":[],"class_list":["post-10157","post","type-post","status-publish","format-standard","has-post-thumbnail","category-local-regional"],"_links":{"self":[{"href":"https:\/\/elrotativo.com.mx\/portal\/wp-json\/wp\/v2\/posts\/10157","targetHints":{"allow":["GET"]}}],"collection":[{"href":"https:\/\/elrotativo.com.mx\/portal\/wp-json\/wp\/v2\/posts"}],"about":[{"href":"https:\/\/elrotativo.com.mx\/portal\/wp-json\/wp\/v2\/types\/post"}],"author":[{"embeddable":true,"href":"https:\/\/elrotativo.com.mx\/portal\/wp-json\/wp\/v2\/users\/1"}],"replies":[{"embeddable":true,"href":"https:\/\/elrotativo.com.mx\/portal\/wp-json\/wp\/v2\/comments?post=10157"}],"version-history":[{"count":1,"href":"https:\/\/elrotativo.com.mx\/portal\/wp-json\/wp\/v2\/posts\/10157\/revisions"}],"predecessor-version":[{"id":10158,"href":"https:\/\/elrotativo.com.mx\/portal\/wp-json\/wp\/v2\/posts\/10157\/revisions\/10158"}],"wp:featuredmedia":[{"embeddable":true,"href":"https:\/\/elrotativo.com.mx\/portal\/wp-json\/wp\/v2\/media\/9706"}],"wp:attachment":[{"href":"https:\/\/elrotativo.com.mx\/portal\/wp-json\/wp\/v2\/media?parent=10157"}],"wp:term":[{"taxonomy":"category","embeddable":true,"href":"https:\/\/elrotativo.com.mx\/portal\/wp-json\/wp\/v2\/categories?post=10157"},{"taxonomy":"post_tag","embeddable":true,"href":"https:\/\/elrotativo.com.mx\/portal\/wp-json\/wp\/v2\/tags?post=10157"}],"curies":[{"name":"wp","href":"https:\/\/api.w.org\/{rel}","templated":true}]}}