{"id":10052,"date":"2022-12-08T23:22:16","date_gmt":"2022-12-09T05:22:16","guid":{"rendered":"https:\/\/elrotativo.mx\/portal\/?p=10052"},"modified":"2022-12-08T23:22:18","modified_gmt":"2022-12-09T05:22:18","slug":"exhorta-pc-dar-aviso-al-911-al-escalar-el-pico-de-orizaba","status":"publish","type":"post","link":"https:\/\/elrotativo.com.mx\/portal\/exhorta-pc-dar-aviso-al-911-al-escalar-el-pico-de-orizaba\/","title":{"rendered":"<strong>Exhorta PC dar aviso al 911 al escalar el Pico de Orizaba<\/strong>"},"content":{"rendered":"\n<p class=\"wp-block-paragraph\">Orizaba, Ver.- Ante los hechos recientes en que una familia se perdi\u00f3 en la monta\u00f1a de Mariano Escobedo, el enlace regional de la Secretar\u00eda de Protecci\u00f3n Civil, Luis Palma D\u00e9ctor hizo un llamado a las personas que gustan de practicar el senderismo o alpinismo a reportar al 911 sus visitas a la monta\u00f1a.<\/p>\n\n\n\n<p class=\"wp-block-paragraph\">Y es que dijo que de esta manera en caso de alg\u00fan accidente se puede intervenir r\u00e1pidamente.<\/p>\n\n\n\n<p class=\"wp-block-paragraph\">\u201cLuego de una nevada es normal la afluencia de familias en las faldas del volc\u00e1n donde se presenta ese tipo de eventos meteorol\u00f3gicos, por lo que la recomendaci\u00f3n es que, si acuden, reporten su estancia al n\u00famero de emergencia para que en caso de que surja un contratiempo puedan saber qu\u00e9 ruta tomar para auxiliarlos\u201d.<\/p>\n\n\n\n<p class=\"wp-block-paragraph\">Record\u00f3 que para este tipo de deportes, se debe contar no s\u00f3lo con el equipo necesario, sino tambi\u00e9n con un gu\u00eda que encabece la excursi\u00f3n, y reportar al &nbsp;911 esta actividad: \u201cvamos al volc\u00e1n, por La Perla; ya nosotros podemos tener un punto para iniciar una b\u00fasqueda en caso de que estuvieran extraviados o por d\u00f3nde vamos a acudir al rescate\u201d.<\/p>\n\n\n\n<p class=\"wp-block-paragraph\">Record\u00f3 que las rutas espec\u00edficas para ascender al volc\u00e1n son: La Perla y Coscomatepec del lado del estado de Veracruz y Ciudad Serd\u00e1n y Atzitzintla, del lado de Puebla y con esos datos, ser\u00e1 m\u00e1s f\u00e1cil orientarse en caso de una b\u00fasqueda.<\/p>\n","protected":false},"excerpt":{"rendered":"<p>Orizaba, Ver.- Ante los hechos recientes en que una familia se perdi\u00f3 en la monta\u00f1a de Mariano Escobedo, el enlace regional de la Secretar\u00eda de Protecci\u00f3n Civil, Luis Palma D\u00e9ctor hizo un llamado a las personas que gustan de practicar el senderismo o alpinismo a reportar al 911 sus visitas a la monta\u00f1a. Y es [&hellip;]<\/p>\n","protected":false},"author":1,"featured_media":10031,"comment_status":"open","ping_status":"open","sticky":false,"template":"","format":"standard","meta":{"tdm_status":"","tdm_grid_status":"","footnotes":""},"categories":[10],"tags":[],"class_list":["post-10052","post","type-post","status-publish","format-standard","has-post-thumbnail","category-local-regional"],"_links":{"self":[{"href":"https:\/\/elrotativo.com.mx\/portal\/wp-json\/wp\/v2\/posts\/10052","targetHints":{"allow":["GET"]}}],"collection":[{"href":"https:\/\/elrotativo.com.mx\/portal\/wp-json\/wp\/v2\/posts"}],"about":[{"href":"https:\/\/elrotativo.com.mx\/portal\/wp-json\/wp\/v2\/types\/post"}],"author":[{"embeddable":true,"href":"https:\/\/elrotativo.com.mx\/portal\/wp-json\/wp\/v2\/users\/1"}],"replies":[{"embeddable":true,"href":"https:\/\/elrotativo.com.mx\/portal\/wp-json\/wp\/v2\/comments?post=10052"}],"version-history":[{"count":1,"href":"https:\/\/elrotativo.com.mx\/portal\/wp-json\/wp\/v2\/posts\/10052\/revisions"}],"predecessor-version":[{"id":10053,"href":"https:\/\/elrotativo.com.mx\/portal\/wp-json\/wp\/v2\/posts\/10052\/revisions\/10053"}],"wp:featuredmedia":[{"embeddable":true,"href":"https:\/\/elrotativo.com.mx\/portal\/wp-json\/wp\/v2\/media\/10031"}],"wp:attachment":[{"href":"https:\/\/elrotativo.com.mx\/portal\/wp-json\/wp\/v2\/media?parent=10052"}],"wp:term":[{"taxonomy":"category","embeddable":true,"href":"https:\/\/elrotativo.com.mx\/portal\/wp-json\/wp\/v2\/categories?post=10052"},{"taxonomy":"post_tag","embeddable":true,"href":"https:\/\/elrotativo.com.mx\/portal\/wp-json\/wp\/v2\/tags?post=10052"}],"curies":[{"name":"wp","href":"https:\/\/api.w.org\/{rel}","templated":true}]}}